[{"@context":"https:\/\/schema.org\/","@type":"Blog","@id":"https:\/\/www.proviz.cz#Blog","headline":"Proviz","description":"\nWeby jsou sou\u010d\u00e1st\u00ed virtu\u00e1ln\u00edho sv\u011bta. A stejn\u011b jako ve sv\u011bt\u011b re\u00e1ln\u00e9m jsou i zde jak dob\u0159\u00ed, tak i \u0161patn\u00ed partne\u0159i. A je nasnad\u011b, \u017ee byste m\u011bli dob\u0159e zvolit. N\u00e1s.","url":"https:\/\/www.proviz.cz","hasPart":[{"@type":"Article","@id":"https:\/\/www.proviz.cz\/rezervacni-system-pro-tenisove-kurty\/","headline":"Rezerva\u010dn\u00ed syst\u00e9m pro tenisov\u00e9 kurty","url":"https:\/\/www.proviz.cz\/rezervacni-system-pro-tenisove-kurty\/","datePublished":"2025-06-17","dateModified":"2025-06-17","mainEntityOfPage":"https:\/\/www.proviz.cz\/rezervacni-system-pro-tenisove-kurty\/","author":{"@type":"Person","@id":"https:\/\/www.proviz.cz\/author\/#Person","name":"","url":"https:\/\/www.proviz.cz\/author\/","identifier":1,"image":{"@type":"ImageObject","@id":"https:\/\/secure.gravatar.com\/avatar\/25a824e14ead2d36aba24b918221841350fb41cea98048e9b1929df8c4bf4bd8?s=96&d=mm&r=g","url":"https:\/\/secure.gravatar.com\/avatar\/25a824e14ead2d36aba24b918221841350fb41cea98048e9b1929df8c4bf4bd8?s=96&d=mm&r=g","height":96,"width":96}},"publisher":{"@type":"Organization","name":"proviz.cz","logo":{"@type":"ImageObject","@id":"\/logo.png","url":"\/logo.png","width":600,"height":60}},"image":{"@type":"ImageObject","@id":"https:\/\/www.proviz.cz\/wp-content\/uploads\/paddle-tennis-6612340_640_1.jpg","url":"https:\/\/www.proviz.cz\/wp-content\/uploads\/paddle-tennis-6612340_640_1.jpg","height":0,"width":0},"wordCount":499,"keywords":null},{"@type":"Article","@id":"https:\/\/www.proviz.cz\/skvely-kornout-zmrzliny\/","headline":"Skv\u011bl\u00fd kornout zmrzliny","url":"https:\/\/www.proviz.cz\/skvely-kornout-zmrzliny\/","datePublished":"2025-05-02","dateModified":"2025-05-02","mainEntityOfPage":"https:\/\/www.proviz.cz\/skvely-kornout-zmrzliny\/","author":{"@type":"Person","@id":"https:\/\/www.proviz.cz\/author\/#Person","name":"","url":"https:\/\/www.proviz.cz\/author\/","identifier":1,"image":{"@type":"ImageObject","@id":"https:\/\/secure.gravatar.com\/avatar\/25a824e14ead2d36aba24b918221841350fb41cea98048e9b1929df8c4bf4bd8?s=96&d=mm&r=g","url":"https:\/\/secure.gravatar.com\/avatar\/25a824e14ead2d36aba24b918221841350fb41cea98048e9b1929df8c4bf4bd8?s=96&d=mm&r=g","height":96,"width":96}},"publisher":{"@type":"Organization","name":"proviz.cz","logo":{"@type":"ImageObject","@id":"\/logo.png","url":"\/logo.png","width":600,"height":60}},"image":null,"wordCount":230,"keywords":null},{"@type":"Article","@id":"https:\/\/www.proviz.cz\/pokud-wellness-tak-jedine-na-sumave\/","headline":"Pokud wellness, tak jedin\u011b na \u0160umav\u011b","url":"https:\/\/www.proviz.cz\/pokud-wellness-tak-jedine-na-sumave\/","datePublished":"2025-04-25","dateModified":"2025-04-25","mainEntityOfPage":"https:\/\/www.proviz.cz\/pokud-wellness-tak-jedine-na-sumave\/","author":{"@type":"Person","@id":"https:\/\/www.proviz.cz\/author\/#Person","name":"","url":"https:\/\/www.proviz.cz\/author\/","identifier":1,"image":{"@type":"ImageObject","@id":"https:\/\/secure.gravatar.com\/avatar\/25a824e14ead2d36aba24b918221841350fb41cea98048e9b1929df8c4bf4bd8?s=96&d=mm&r=g","url":"https:\/\/secure.gravatar.com\/avatar\/25a824e14ead2d36aba24b918221841350fb41cea98048e9b1929df8c4bf4bd8?s=96&d=mm&r=g","height":96,"width":96}},"publisher":{"@type":"Organization","name":"proviz.cz","logo":{"@type":"ImageObject","@id":"\/logo.png","url":"\/logo.png","width":600,"height":60}},"image":null,"wordCount":236,"keywords":null},{"@type":"Article","@id":"https:\/\/www.proviz.cz\/pobyty-pro-kazdeho\/","headline":"Pobyty pro ka\u017ed\u00e9ho","url":"https:\/\/www.proviz.cz\/pobyty-pro-kazdeho\/","datePublished":"2025-04-18","dateModified":"2025-04-18","mainEntityOfPage":"https:\/\/www.proviz.cz\/pobyty-pro-kazdeho\/","author":{"@type":"Person","@id":"https:\/\/www.proviz.cz\/author\/#Person","name":"","url":"https:\/\/www.proviz.cz\/author\/","identifier":1,"image":{"@type":"ImageObject","@id":"https:\/\/secure.gravatar.com\/avatar\/25a824e14ead2d36aba24b918221841350fb41cea98048e9b1929df8c4bf4bd8?s=96&d=mm&r=g","url":"https:\/\/secure.gravatar.com\/avatar\/25a824e14ead2d36aba24b918221841350fb41cea98048e9b1929df8c4bf4bd8?s=96&d=mm&r=g","height":96,"width":96}},"publisher":{"@type":"Organization","name":"proviz.cz","logo":{"@type":"ImageObject","@id":"\/logo.png","url":"\/logo.png","width":600,"height":60}},"image":null,"wordCount":286,"keywords":null},{"@type":"Article","@id":"https:\/\/www.proviz.cz\/barbershop-v-kladne-pro-ty-nejnarocnejsi-klienty\/","headline":"Barbershop v Kladn\u011b pro ty nejn\u00e1ro\u010dn\u011bj\u0161\u00ed klienty","url":"https:\/\/www.proviz.cz\/barbershop-v-kladne-pro-ty-nejnarocnejsi-klienty\/","datePublished":"2025-04-17","dateModified":"2025-04-17","mainEntityOfPage":"https:\/\/www.proviz.cz\/barbershop-v-kladne-pro-ty-nejnarocnejsi-klienty\/","author":{"@type":"Person","@id":"https:\/\/www.proviz.cz\/author\/#Person","name":"","url":"https:\/\/www.proviz.cz\/author\/","identifier":1,"image":{"@type":"ImageObject","@id":"https:\/\/secure.gravatar.com\/avatar\/25a824e14ead2d36aba24b918221841350fb41cea98048e9b1929df8c4bf4bd8?s=96&d=mm&r=g","url":"https:\/\/secure.gravatar.com\/avatar\/25a824e14ead2d36aba24b918221841350fb41cea98048e9b1929df8c4bf4bd8?s=96&d=mm&r=g","height":96,"width":96}},"publisher":{"@type":"Organization","name":"proviz.cz","logo":{"@type":"ImageObject","@id":"\/logo.png","url":"\/logo.png","width":600,"height":60}},"image":{"@type":"ImageObject","@id":"https:\/\/www.proviz.cz\/wp-content\/uploads\/barbershop-2616805_640_10_3.jpg","url":"https:\/\/www.proviz.cz\/wp-content\/uploads\/barbershop-2616805_640_10_3.jpg","height":0,"width":0},"wordCount":592,"keywords":null},{"@type":"Article","@id":"https:\/\/www.proviz.cz\/prukaz-nutny-k-nemovitosti\/","headline":"Pr\u016fkaz nutn\u00fd k nemovitosti","url":"https:\/\/www.proviz.cz\/prukaz-nutny-k-nemovitosti\/","datePublished":"2025-04-10","dateModified":"2025-04-10","mainEntityOfPage":"https:\/\/www.proviz.cz\/prukaz-nutny-k-nemovitosti\/","author":{"@type":"Person","@id":"https:\/\/www.proviz.cz\/author\/#Person","name":"","url":"https:\/\/www.proviz.cz\/author\/","identifier":1,"image":{"@type":"ImageObject","@id":"https:\/\/secure.gravatar.com\/avatar\/25a824e14ead2d36aba24b918221841350fb41cea98048e9b1929df8c4bf4bd8?s=96&d=mm&r=g","url":"https:\/\/secure.gravatar.com\/avatar\/25a824e14ead2d36aba24b918221841350fb41cea98048e9b1929df8c4bf4bd8?s=96&d=mm&r=g","height":96,"width":96}},"publisher":{"@type":"Organization","name":"proviz.cz","logo":{"@type":"ImageObject","@id":"\/logo.png","url":"\/logo.png","width":600,"height":60}},"image":null,"wordCount":246,"keywords":null},{"@type":"Article","@id":"https:\/\/www.proviz.cz\/tvorba-webovych-stranek\/","headline":"Tvorba webov\u00fdch str\u00e1nek","url":"https:\/\/www.proviz.cz\/tvorba-webovych-stranek\/","datePublished":"2025-04-01","dateModified":"2025-04-01","mainEntityOfPage":"https:\/\/www.proviz.cz\/tvorba-webovych-stranek\/","author":{"@type":"Person","@id":"https:\/\/www.proviz.cz\/author\/#Person","name":"","url":"https:\/\/www.proviz.cz\/author\/","identifier":1,"image":{"@type":"ImageObject","@id":"https:\/\/secure.gravatar.com\/avatar\/25a824e14ead2d36aba24b918221841350fb41cea98048e9b1929df8c4bf4bd8?s=96&d=mm&r=g","url":"https:\/\/secure.gravatar.com\/avatar\/25a824e14ead2d36aba24b918221841350fb41cea98048e9b1929df8c4bf4bd8?s=96&d=mm&r=g","height":96,"width":96}},"publisher":{"@type":"Organization","name":"proviz.cz","logo":{"@type":"ImageObject","@id":"\/logo.png","url":"\/logo.png","width":600,"height":60}},"image":null,"wordCount":220,"keywords":null},{"@type":"Article","@id":"https:\/\/www.proviz.cz\/nemusi-byt-tak-zle\/","headline":"Nemus\u00ed b\u00fdt tak zle","url":"https:\/\/www.proviz.cz\/nemusi-byt-tak-zle\/","datePublished":"2025-03-29","dateModified":"2025-03-29","mainEntityOfPage":"https:\/\/www.proviz.cz\/nemusi-byt-tak-zle\/","author":{"@type":"Person","@id":"https:\/\/www.proviz.cz\/author\/#Person","name":"","url":"https:\/\/www.proviz.cz\/author\/","identifier":1,"image":{"@type":"ImageObject","@id":"https:\/\/secure.gravatar.com\/avatar\/25a824e14ead2d36aba24b918221841350fb41cea98048e9b1929df8c4bf4bd8?s=96&d=mm&r=g","url":"https:\/\/secure.gravatar.com\/avatar\/25a824e14ead2d36aba24b918221841350fb41cea98048e9b1929df8c4bf4bd8?s=96&d=mm&r=g","height":96,"width":96}},"publisher":{"@type":"Organization","name":"proviz.cz","logo":{"@type":"ImageObject","@id":"\/logo.png","url":"\/logo.png","width":600,"height":60}},"image":{"@type":"ImageObject","@id":"https:\/\/www.proviz.cz\/wp-content\/uploads\/pp_10_10_10_10_10_10_10_10_7.jpg","url":"https:\/\/www.proviz.cz\/wp-content\/uploads\/pp_10_10_10_10_10_10_10_10_7.jpg","height":0,"width":0},"wordCount":601,"keywords":null},{"@type":"Article","@id":"https:\/\/www.proviz.cz\/drevena-okna\/","headline":"D\u0159ev\u011bn\u00e1 okna","url":"https:\/\/www.proviz.cz\/drevena-okna\/","datePublished":"2025-03-26","dateModified":"2025-03-26","mainEntityOfPage":"https:\/\/www.proviz.cz\/drevena-okna\/","author":{"@type":"Person","@id":"https:\/\/www.proviz.cz\/author\/#Person","name":"","url":"https:\/\/www.proviz.cz\/author\/","identifier":1,"image":{"@type":"ImageObject","@id":"https:\/\/secure.gravatar.com\/avatar\/25a824e14ead2d36aba24b918221841350fb41cea98048e9b1929df8c4bf4bd8?s=96&d=mm&r=g","url":"https:\/\/secure.gravatar.com\/avatar\/25a824e14ead2d36aba24b918221841350fb41cea98048e9b1929df8c4bf4bd8?s=96&d=mm&r=g","height":96,"width":96}},"publisher":{"@type":"Organization","name":"proviz.cz","logo":{"@type":"ImageObject","@id":"\/logo.png","url":"\/logo.png","width":600,"height":60}},"image":null,"wordCount":228,"keywords":null},{"@type":"Article","@id":"https:\/\/www.proviz.cz\/idealni-matrace-pro-vsechny-zajemce-o-klidne-spani\/","headline":"Ide\u00e1ln\u00ed matrace pro v\u0161echny z\u00e1jemce o klidn\u00e9 span\u00ed","url":"https:\/\/www.proviz.cz\/idealni-matrace-pro-vsechny-zajemce-o-klidne-spani\/","datePublished":"2025-03-16","dateModified":"2025-03-16","mainEntityOfPage":"https:\/\/www.proviz.cz\/idealni-matrace-pro-vsechny-zajemce-o-klidne-spani\/","author":{"@type":"Person","@id":"https:\/\/www.proviz.cz\/author\/#Person","name":"","url":"https:\/\/www.proviz.cz\/author\/","identifier":1,"image":{"@type":"ImageObject","@id":"https:\/\/secure.gravatar.com\/avatar\/25a824e14ead2d36aba24b918221841350fb41cea98048e9b1929df8c4bf4bd8?s=96&d=mm&r=g","url":"https:\/\/secure.gravatar.com\/avatar\/25a824e14ead2d36aba24b918221841350fb41cea98048e9b1929df8c4bf4bd8?s=96&d=mm&r=g","height":96,"width":96}},"publisher":{"@type":"Organization","name":"proviz.cz","logo":{"@type":"ImageObject","@id":"\/logo.png","url":"\/logo.png","width":600,"height":60}},"image":null,"wordCount":249,"keywords":null}]},{"@context":"https:\/\/schema.org","@type":"WebSite","@id":"https:\/\/www.proviz.cz\/#website","name":"Proviz","url":"https:\/\/www.proviz.cz","potentialAction":{"@type":"SearchAction","target":"https:\/\/www.proviz.cz\/?s={search_term_string}","query-input":"required name=search_term_string"}}]