[{"@context":"https:\/\/schema.org\/","@type":"Article","@id":"https:\/\/www.proviz.cz\/jake-jsou-trendy-letosnich-vanoc\/#Article","mainEntityOfPage":"https:\/\/www.proviz.cz\/jake-jsou-trendy-letosnich-vanoc\/","headline":"Jak\u00e9 jsou trendy leto\u0161n\u00edch V\u00e1noc?","name":"Jak\u00e9 jsou trendy leto\u0161n\u00edch V\u00e1noc?","description":"I V\u00e1noce maj\u00ed sv\u00e9 trendy, pokud chcete m\u00edt leto\u0161n\u00ed stromek a v\u00fdzdobu v jin\u00fdch ne\u017e klasick\u00fdch barv\u00e1ch, kter\u00fdmi jsou nap\u0159\u00edklad \u010derven\u00e1 a zlat\u00e1, nechte se inspirovat. Barvou leto\u0161n\u00edch V\u00e1noc je klasick\u00e1 b\u00edl\u00e1, kter\u00e1 k t\u011bmto sv\u00e1tk\u016fm pat\u0159\u00ed, jako symbol \u010distoty a nevinnosti. Pokud tedy vyzdob\u00edte byt a ozdob\u00edte stromek v t\u00e9to barv\u011b, ur\u010dit\u011b ne\u0161l\u00e1pnete vedle. [&hellip;]","datePublished":"2019-12-12","dateModified":"2023-05-30","author":{"@type":"Person","@id":"https:\/\/www.proviz.cz\/author\/#Person","name":"","url":"https:\/\/www.proviz.cz\/author\/","identifier":1,"image":{"@type":"ImageObject","@id":"https:\/\/secure.gravatar.com\/avatar\/25a824e14ead2d36aba24b918221841350fb41cea98048e9b1929df8c4bf4bd8?s=96&d=mm&r=g","url":"https:\/\/secure.gravatar.com\/avatar\/25a824e14ead2d36aba24b918221841350fb41cea98048e9b1929df8c4bf4bd8?s=96&d=mm&r=g","height":96,"width":96}},"publisher":{"@type":"Organization","name":"proviz.cz","logo":{"@type":"ImageObject","@id":"\/logo.png","url":"\/logo.png","width":600,"height":60}},"image":{"@type":"ImageObject","@id":"https:\/\/www.proviz.cz\/wp-content\/uploads\/img_a364133_w4213_t1576763906.jpg","url":"https:\/\/www.proviz.cz\/wp-content\/uploads\/img_a364133_w4213_t1576763906.jpg","height":0,"width":0},"url":"https:\/\/www.proviz.cz\/jake-jsou-trendy-letosnich-vanoc\/","about":["D\u016fm a byt"],"wordCount":425,"articleBody":"I V\u00e1noce maj\u00ed sv\u00e9 trendy, pokud chcete m\u00edt leto\u0161n\u00ed stromek a v\u00fdzdobu v jin\u00fdch ne\u017e klasick\u00fdch barv\u00e1ch, kter\u00fdmi jsou nap\u0159\u00edklad \u010derven\u00e1 a zlat\u00e1, nechte se inspirovat.Barvou leto\u0161n\u00edch V\u00e1noc je klasick\u00e1 b\u00edl\u00e1, kter\u00e1 k t\u011bmto sv\u00e1tk\u016fm pat\u0159\u00ed, jako symbol \u010distoty a nevinnosti. Pokud tedy vyzdob\u00edte byt a ozdob\u00edte stromek v t\u00e9to barv\u011b, ur\u010dit\u011b ne\u0161l\u00e1pnete vedle. Nab\u00edz\u00ed se r\u016fzn\u00e9 dekorace, modern\u00ed jsou dekorace inspirovan\u00e9 pol\u00e1rn\u00ed zimou, mohou to b\u00fdt ledn\u00ed medv\u011bdi, sobi a jin\u00e1 zv\u00ed\u0159ata typick\u00e1 pro tuto oblast. D\u00e1le jsou modern\u00ed dekorace s motivem sn\u011bhu a ledu, jako jsou klasick\u00e9 vlo\u010dky, rampouchy, v\u011btvi\u010dky ve v\u00e1ze, kter\u00e9 m\u016f\u017eete ozdobit um\u011bl\u00fdm sn\u011bhem a jim podobn\u00e9.Pokud se v\u00e1m nel\u00edb\u00ed v\u00fdzdoba lad\u011bna pouze do b\u00edl\u00e9 barvy, m\u016f\u017eete p\u0159idat barvu fialovou, kter\u00e9 je hned po b\u00edl\u00e9 druhou barvou leto\u0161n\u00edch V\u00e1noc. Modern\u00ed jsou v\u0161echny jej\u00ed odst\u00edny. Pokud nem\u00e1te r\u00e1di fialovou, potom s\u00e1hn\u011bte po pastelov\u00fdch odst\u00ednech, zvolte v\u0161ak co nejjemn\u011bj\u0161\u00ed t\u00f3ny zelen\u00e9, nebo modr\u00e9 barvy.Modern\u00ed budou tak\u00e9 ozdoby v p\u0159\u00edrodn\u00edm stylu, pokud nechcete na strome\u010dek klasick\u00e9 ba\u0148ky, sklen\u011bn\u00e9, nebo plastov\u00e9 ozdoby, m\u016f\u017eete m\u00edsto nich pou\u017e\u00edt ozdoby z p\u0159\u00edrodn\u00edch materi\u00e1l\u016f, nebo t\u0159eba \u0161i\u0161ky, kter\u00e9 m\u016f\u017eete dozdobit um\u011bl\u00fdm sn\u011bhem, nebo nap\u0159\u00edklad ozdoben\u00e9 pern\u00ed\u010dky. Levnou a z\u00e1rove\u0148 hezkou ozdobou je tak\u00e9 na kole\u010dka nakr\u00e1jen\u00e9, usu\u0161en\u00e9 ovoce. P\u0159\u00edrodn\u00ed dekorace nemus\u00edte um\u00edstit pouze na strome\u010dek, ale tak\u00e9 t\u0159eba na adventn\u00ed v\u011bnec, nebo kamkoliv jinam v byt\u011b.Aby byla v\u00fdzdoba kompletn\u00ed, je pot\u0159eba vhodn\u011b zvolit i osv\u011btlen\u00ed, pokud s\u00e1hnete po led \u0159et\u011bzech, ur\u010dit\u011b ne\u0161l\u00e1pnete vedle, trendem jsou r\u016fzn\u00e9 sv\u011bteln\u00e9 led hadice. \u017d\u00e1rovky mohou m\u011bnit barvy, blikat, nebo pl\u00e1polat. Modern\u00ed budou tak\u00e9 r\u016fzn\u00e9 sv\u00edt\u00edc\u00ed v\u00e1no\u010dn\u00ed postavi\u010dky, kter\u00e9 si m\u016f\u017eete d\u00e1t p\u0159ed d\u016fm.&nbsp;A\u0165 u\u017e se nech\u00e1te inspirovat leto\u0161n\u00edmi trendy, nebo s\u00e1hnete po klasice, v\u017edy je nejd\u016fle\u017eit\u011bj\u0161\u00ed to, aby v\u00e1m v\u00fdzdoba navodila tu spr\u00e1vnou v\u00e1no\u010dn\u00ed atmosf\u00e9ru a abyste se doma c\u00edtili vy i va\u0161i spolubydl\u00edc\u00ed p\u0159\u00edjemn\u011b.                                                                                                                                                                                                                                                                                                                                                                                        4\/5 - (15 votes)        "},{"@context":"https:\/\/schema.org\/","@type":"BreadcrumbList","itemListElement":[{"@type":"ListItem","position":1,"name":"Jak\u00e9 jsou trendy leto\u0161n\u00edch V\u00e1noc?","item":"https:\/\/www.proviz.cz\/jake-jsou-trendy-letosnich-vanoc\/#breadcrumbitem"}]}]