[{"@context":"https:\/\/schema.org\/","@type":"Article","@id":"https:\/\/www.proviz.cz\/je-reflexni-vesta-s-potiskem-skutecne-takovou-vyhodou\/#Article","mainEntityOfPage":"https:\/\/www.proviz.cz\/je-reflexni-vesta-s-potiskem-skutecne-takovou-vyhodou\/","headline":"Je reflexn\u00ed vesta s potiskem skute\u010dn\u011b takovou v\u00fdhodou?","name":"Je reflexn\u00ed vesta s potiskem skute\u010dn\u011b takovou v\u00fdhodou?","description":"Dnes v r\u00e1mci reklamn\u00edch kampan\u00ed dost\u00e1v\u00e1me nejr\u016fzn\u011bj\u0161\u00ed mno\u017estv\u00ed propaga\u010dn\u00edch p\u0159edm\u011bt\u016f. Ty maj\u00ed pak mnohdy souvislost s prod\u00e1van\u00fdm zbo\u017e\u00edm. Nen\u00ed tedy divu, \u017ee nap\u0159\u00edklad u automobilu mezi n\u011b pat\u0159\u00ed nap\u0159\u00edklad reflexn\u00ed vesta s potiskem Promodarky.cz. Je pravdou, \u017ee tu by m\u011bl m\u00edt ka\u017ed\u00fd \u0159idi\u010d, by\u0165 obvykle bez potisku. Slou\u017e\u00ed k tomu, abychom byli l\u00e9pe vid\u011bt, p\u0159edev\u0161\u00edm [&hellip;]","datePublished":"2023-10-09","dateModified":"2023-10-09","author":{"@type":"Person","@id":"https:\/\/www.proviz.cz\/author\/#Person","name":"","url":"https:\/\/www.proviz.cz\/author\/","identifier":1,"image":{"@type":"ImageObject","@id":"https:\/\/secure.gravatar.com\/avatar\/25a824e14ead2d36aba24b918221841350fb41cea98048e9b1929df8c4bf4bd8?s=96&d=mm&r=g","url":"https:\/\/secure.gravatar.com\/avatar\/25a824e14ead2d36aba24b918221841350fb41cea98048e9b1929df8c4bf4bd8?s=96&d=mm&r=g","height":96,"width":96}},"publisher":{"@type":"Organization","name":"proviz.cz","logo":{"@type":"ImageObject","@id":"\/logo.png","url":"\/logo.png","width":600,"height":60}},"image":{"@type":"ImageObject","@id":"https:\/\/www.proviz.cz\/wp-content\/uploads\/refvesta1.png","url":"https:\/\/www.proviz.cz\/wp-content\/uploads\/refvesta1.png","height":0,"width":0},"url":"https:\/\/www.proviz.cz\/je-reflexni-vesta-s-potiskem-skutecne-takovou-vyhodou\/","about":["Zbo\u017e\u00ed"],"wordCount":422,"articleBody":"   Dnes v r\u00e1mci reklamn\u00edch kampan\u00ed dost\u00e1v\u00e1me nejr\u016fzn\u011bj\u0161\u00ed mno\u017estv\u00ed propaga\u010dn\u00edch p\u0159edm\u011bt\u016f. Ty maj\u00ed pak mnohdy souvislost s prod\u00e1van\u00fdm zbo\u017e\u00edm. Nen\u00ed tedy divu, \u017ee nap\u0159\u00edklad u automobilu mezi n\u011b pat\u0159\u00ed nap\u0159\u00edklad reflexn\u00ed vesta s potiskem Promodarky.cz. Je pravdou, \u017ee tu by m\u011bl m\u00edt ka\u017ed\u00fd \u0159idi\u010d, by\u0165 obvykle bez potisku. Slou\u017e\u00ed k tomu, abychom byli l\u00e9pe vid\u011bt, p\u0159edev\u0161\u00edm za zhor\u0161en\u00fdch sv\u011bteln\u00fdch podm\u00ednek. Pokud se n\u00e1m nap\u0159\u00edklad porouch\u00e1 na silnici auto, a my jdeme um\u00edstit v\u00fdstra\u017en\u00fd troj\u00faheln\u00edk, abychom varovali ostatn\u00ed, asi by nebylo dobr\u00e9, kdyby n\u00e1s \u0159idi\u010d nevid\u011bl a p\u0159ejel n\u00e1s.M\u011bli bychom se v\u0161ak pt\u00e1t, zda skute\u010dn\u011b funguje i jako propaga\u010dn\u00ed materi\u00e1l. P\u0159edpokladem zde toti\u017e je, \u017ee ji lid\u00e9 budou nosit, a ostatn\u00ed uvid\u00ed onen n\u00e1pis. D\u00edky tomu si zafixuj\u00ed onu firmu a je zde \u0161ance, \u017ee se rozhodnou j\u00edt do jej\u00ed prodejny pod\u00edvat. V\u011bt\u0161ina z n\u00e1s v\u0161ak reflexn\u00ed vesty p\u0159\u00edli\u0161 \u010dasto nenos\u00ed.Samoz\u0159ejm\u011b, existuj\u00ed v\u00fdjimky, jako jsou t\u0159eba pracovn\u00edci technick\u00fdch slu\u017eeb \u010di d\u011bln\u00edci pracuj\u00edc\u00ed na silnici \u010di v lese, kte\u0159\u00ed maj\u00ed tyto vesty z bezpe\u010dnostn\u00edch d\u016fvod\u016f nasazeny po celou pracovn\u00ed dobu. Probl\u00e9m je v\u0161ak v tom, \u017ee ty jim obvykle poskytne zam\u011bstnavatel. Najdeme na nich tedy pouze logo m\u011bsta \u010di firmy, pro kter\u00e9 pracuj\u00ed.Ano, i to se d\u00e1 pou\u017e\u00edt jako sv\u00e9ho druhu propaga\u010dn\u00ed materi\u00e1l, av\u0161ak na valnou v\u011bt\u0161inu z n\u00e1s nebude p\u0159\u00edli\u0161 \u00fa\u010dinkovat. Koneckonc\u016f, b\u00fdt pracovn\u00edkem technick\u00fdch slu\u017eeb chce asi jen m\u00e1lokdo. A vzhledem k tomu, \u017ee tyto firmy maj\u00ed smlouvu p\u0159\u00edmo s m\u011bstem, nen\u00ed p\u0159\u00edli\u0161 pravd\u011bpodobn\u00e9, \u017ee bychom cht\u011bli jejich slu\u017eeb vyu\u017e\u00edt. Ona loga tedy slou\u017e\u00ed sp\u00ed\u0161e jako ozna\u010den\u00ed p\u0159\u00edslu\u0161nosti, sp\u00ed\u0161e ne\u017e skute\u010dn\u00e1 reklama.Proto je pon\u011bkud pochybn\u00e9, zda je skute\u010dn\u011b pr\u00e1v\u011b tento propaga\u010dn\u00ed p\u0159edm\u011bt t\u00edm nej\u00fa\u010dinn\u011bj\u0161\u00edm. Na v\u00fdb\u011br jich m\u00e1me mnohem v\u00edce, p\u0159i\u010dem\u017e mnoho z nich m\u00e1 i ni\u017e\u0161\u00ed v\u00fdrobn\u00ed n\u00e1klady, a tud\u00ed\u017e se i v\u00edce vyplat\u00ed. Marketingov\u00e9 odd\u011blen\u00ed by se tedy m\u011blo sp\u00ed\u0161e poohl\u00e9dnout po nich.                                                                                                                                                                                                                                                                                                                                                                                          4.4\/5 - (8 votes)        "},{"@context":"https:\/\/schema.org\/","@type":"BreadcrumbList","itemListElement":[{"@type":"ListItem","position":1,"name":"Je reflexn\u00ed vesta s potiskem skute\u010dn\u011b takovou v\u00fdhodou?","item":"https:\/\/www.proviz.cz\/je-reflexni-vesta-s-potiskem-skutecne-takovou-vyhodou\/#breadcrumbitem"}]}]