[{"@context":"https:\/\/schema.org\/","@type":"Article","@id":"https:\/\/www.proviz.cz\/proc-maji-deti-rady-vojaky\/#Article","mainEntityOfPage":"https:\/\/www.proviz.cz\/proc-maji-deti-rady-vojaky\/","headline":"Pro\u010d maj\u00ed d\u011bti r\u00e1dy voj\u00e1ky?","name":"Pro\u010d maj\u00ed d\u011bti r\u00e1dy voj\u00e1ky?","description":"Proto\u017ee jsou d\u011bti mal\u00e9 a nev\u011bd\u00ed, jak\u00fdm peklem si proch\u00e1z\u00ed voj\u00e1ci ve v\u00e1lce, l\u00edb\u00ed se jim ve\u0161ker\u00e1 ta technika, kterou se voj\u00e1ci proh\u00e1n\u011bj\u00ed, a to i v\u010detn\u011b tank\u016f. Stejn\u011b tak je tomu i u v\u011bt\u0161\u00edch, jako jsou jejich tat\u00ednkov\u00e9. Je toti\u017e velmi zaj\u00edmav\u00e9 vid\u011bt obrovskou hromadu \u017eeleza, jak se dere ter\u00e9nem. Ur\u010dit\u011b se proto nediv\u00edte [&hellip;]","datePublished":"2023-08-08","dateModified":"2023-08-08","author":{"@type":"Person","@id":"https:\/\/www.proviz.cz\/author\/#Person","name":"","url":"https:\/\/www.proviz.cz\/author\/","identifier":1,"image":{"@type":"ImageObject","@id":"https:\/\/secure.gravatar.com\/avatar\/25a824e14ead2d36aba24b918221841350fb41cea98048e9b1929df8c4bf4bd8?s=96&d=mm&r=g","url":"https:\/\/secure.gravatar.com\/avatar\/25a824e14ead2d36aba24b918221841350fb41cea98048e9b1929df8c4bf4bd8?s=96&d=mm&r=g","height":96,"width":96}},"publisher":{"@type":"Organization","name":"proviz.cz","logo":{"@type":"ImageObject","@id":"\/logo.png","url":"\/logo.png","width":600,"height":60}},"url":"https:\/\/www.proviz.cz\/proc-maji-deti-rady-vojaky\/","wordCount":260,"articleBody":"Proto\u017ee jsou d\u011bti mal\u00e9 a nev\u011bd\u00ed, jak\u00fdm peklem si proch\u00e1z\u00ed voj\u00e1ci ve v\u00e1lce, l\u00edb\u00ed se jim ve\u0161ker\u00e1 ta technika, kterou se voj\u00e1ci proh\u00e1n\u011bj\u00ed, a to i v\u010detn\u011b tank\u016f. Stejn\u011b tak je tomu i u v\u011bt\u0161\u00edch, jako jsou jejich tat\u00ednkov\u00e9. Je toti\u017e velmi zaj\u00edmav\u00e9 vid\u011bt obrovskou hromadu \u017eeleza, jak se dere ter\u00e9nem. Ur\u010dit\u011b se proto nediv\u00edte tomu, \u017ee jak mal\u00fdm d\u011btem, tak i dosp\u011bl\u00fdm, se l\u00edb\u00ed RC modely tank\u016f. Jsou to toti\u017e velmi zaj\u00edmav\u00e9 modely na d\u00e1lkov\u00e9 ovl\u00e1d\u00e1n\u00ed, kter\u00e9 si m\u016f\u017eete po\u0159\u00eddit. Je rozhodn\u011b zaj\u00edmav\u011bj\u0161\u00ed d\u00edvat se na ot\u00e1\u010dej\u00edc\u00ed p\u00e1sy, kter\u00e9 si hledaj\u00ed cestu ter\u00e9nem, ne\u017e na kola auta, kter\u00e1 vid\u00edme naprosto v\u0161ude. T\u011b\u017ek\u00e1 bojov\u00e1 technika je proto pro mal\u00e9 kluky zaj\u00edmav\u011bj\u0161\u00ed.\tSkv\u011bl\u00fd tip na d\u00e1rekKdy\u017e proto nev\u00edte, co sv\u00e9mu d\u00edt\u011bti po\u0159\u00eddit k narozenin\u00e1m \u010di V\u00e1noc\u016fm, tato p\u0159\u00edle\u017eitost pro v\u00e1s bude ta prav\u00e1. Z\u00e1le\u017e\u00ed jenom na v\u00e1s, co nakonec vyberete, ale pr\u00e1v\u011b u n\u00e1s mo\u017enost vyb\u00edrat z opravdu mnoha nejr\u016fzn\u011bj\u0161\u00edch produkt\u016f na d\u00e1lkov\u00e9 ovl\u00e1d\u00e1n\u00ed. A\u0165 u\u017e si vyberete n\u011bjak\u00fd v\u011bt\u0161\u00ed, anebo n\u011bjak\u00fd men\u0161\u00ed stroj, zajist\u00e9 bude va\u0161e d\u00edt\u011b spokojen\u00e9, a dost mo\u017en\u00e1 i vy, a\u017e si to v\u0161e zkus\u00edte ovl\u00e1dat.                                                                                                                                                                                                                                                                                                                                                                                        4.6\/5 - (11 votes)        "},{"@context":"https:\/\/schema.org\/","@type":"BreadcrumbList","itemListElement":[{"@type":"ListItem","position":1,"name":"Pro\u010d maj\u00ed d\u011bti r\u00e1dy voj\u00e1ky?","item":"https:\/\/www.proviz.cz\/proc-maji-deti-rady-vojaky\/#breadcrumbitem"}]}]