[{"@context":"https:\/\/schema.org\/","@type":"Article","@id":"https:\/\/www.proviz.cz\/zvolte-spravne-nacasovani-zasadte-cibulky-kvetin-na-podzim\/#Article","mainEntityOfPage":"https:\/\/www.proviz.cz\/zvolte-spravne-nacasovani-zasadte-cibulky-kvetin-na-podzim\/","headline":"Zvolte spr\u00e1vn\u00e9 na\u010dasov\u00e1n\u00ed \u2013 zasa\u010fte cibulky kv\u011btin na podzim","name":"Zvolte spr\u00e1vn\u00e9 na\u010dasov\u00e1n\u00ed \u2013 zasa\u010fte cibulky kv\u011btin na podzim","description":"Konec \u0159\u00edjna \u010di ran\u00fd za\u010d\u00e1tek z\u00e1\u0159\u00ed je ide\u00e1ln\u00ed \u010das na to, zasadit cibulky kv\u011btin na Va\u0161\u00ed zahr\u00e1dce. Pokud tedy chcete, aby V\u00e1\u0161 z\u00e1honek s\u00a0kv\u011btinami na ja\u0159e hr\u00e1l v\u0161emi barvami okrasn\u00fdch kv\u011btin a vy se z\u00a0pohledu na n\u011bj mohli radovat. Co m\u016f\u017eete s\u00e1zet? K\u00a0podzimn\u00ed sadb\u011b jsou vhodn\u00e9 cibulky tulip\u00e1n\u016f, mod\u0159enc\u016f, hyacint\u016f, narcis\u016f, krokus\u016f, kosatc\u016f, sn\u011b\u017eenek a [&hellip;]","datePublished":"2023-05-30","dateModified":"2023-05-30","author":{"@type":"Person","@id":"https:\/\/www.proviz.cz\/author\/#Person","name":"","url":"https:\/\/www.proviz.cz\/author\/","identifier":1,"image":{"@type":"ImageObject","@id":"https:\/\/secure.gravatar.com\/avatar\/25a824e14ead2d36aba24b918221841350fb41cea98048e9b1929df8c4bf4bd8?s=96&d=mm&r=g","url":"https:\/\/secure.gravatar.com\/avatar\/25a824e14ead2d36aba24b918221841350fb41cea98048e9b1929df8c4bf4bd8?s=96&d=mm&r=g","height":96,"width":96}},"publisher":{"@type":"Organization","name":"proviz.cz","logo":{"@type":"ImageObject","@id":"\/logo.png","url":"\/logo.png","width":600,"height":60}},"image":{"@type":"ImageObject","@id":"https:\/\/www.proviz.cz\/wp-content\/uploads\/img_a294985_w2351_t1506672500.jpg","url":"https:\/\/www.proviz.cz\/wp-content\/uploads\/img_a294985_w2351_t1506672500.jpg","height":0,"width":0},"url":"https:\/\/www.proviz.cz\/zvolte-spravne-nacasovani-zasadte-cibulky-kvetin-na-podzim\/","wordCount":388,"articleBody":"Konec \u0159\u00edjna \u010di ran\u00fd za\u010d\u00e1tek z\u00e1\u0159\u00ed je ide\u00e1ln\u00ed \u010das na to, zasadit cibulky kv\u011btin na Va\u0161\u00ed zahr\u00e1dce. Pokud tedy chcete, aby V\u00e1\u0161 z\u00e1honek s\u00a0kv\u011btinami na ja\u0159e hr\u00e1l v\u0161emi barvami okrasn\u00fdch kv\u011btin a vy se z\u00a0pohledu na n\u011bj mohli radovat.\t\tCo m\u016f\u017eete s\u00e1zet?K\u00a0podzimn\u00ed sadb\u011b jsou vhodn\u00e9 cibulky tulip\u00e1n\u016f, mod\u0159enc\u016f, hyacint\u016f, narcis\u016f, krokus\u016f, kosatc\u016f, sn\u011b\u017eenek a bledul\u00ed, okrasn\u00e9ho \u010desneku a mrazuvzdorn\u00fdch brambo\u0159\u00edk\u016f. V\u00fdb\u011br je dosti \u0161irok\u00fd a tak z\u00e1le\u017e\u00ed na Va\u0161\u00ed fantazii, jak\u00e9 cibulky t\u011bchto kr\u00e1sn\u00fdch kv\u011btin si vyberete a os\u00e1z\u00edte s\u00a0nimi sv\u016fj z\u00e1hon. Vyb\u00edrejte si k\u00a0sadb\u011b pouze zdrav\u00e9, nepo\u0161kozen\u00e9 cibulky, kter\u00e9 nenesou zn\u00e1mky pl\u00edsn\u011b \u010di viditeln\u00fdch chorob.\t\tJak cibulky zasadit?Nejprve bude pot\u0159eba p\u016fdu prokyp\u0159it nap\u0159.: zryt\u00edm z\u00e1honu. Cibulk\u00e1m pot\u00e9 vyhloub\u00edme d\u00edru 2x hlub\u0161\u00ed ne\u017e je jejich pr\u016fm\u011br. Vzd\u00e1lenost cibulek vol\u00edme okolo 10 centimetr\u016f. Pro v\u00fdsadbu cibulek, vol\u00edme slune\u010dn\u00fd z\u00e1hon na na\u0161\u00ed zahrad\u011b, aby m\u011bly kv\u011btiny na ja\u0159e dostatek slune\u010dn\u00edch paprsk\u016f, kr\u00e1sn\u011b kvetly a nestr\u00e1daly.\t\tR\u016f\u017ee \u2013 kr\u00e1lovna kv\u011btinM\u00e1lokdo v\u00ed, \u017ee sazenice r\u016f\u017e\u00ed, je vhodn\u00e9 takt\u00e9\u017e sadit na podzim. Hodn\u011b lid\u00ed d\u011bl\u00e1 to, \u017ee ji vysad\u00ed a\u017e na ja\u0159e, p\u0159itom rostlina zasazen\u00e1 na podzim mnohem l\u00e9pe prosp\u00edv\u00e1, p\u0159es zimu l\u00e9pe zako\u0159en\u00ed a na ja\u0159e u\u017e bude m\u00edt kr\u00e1sn\u00e9, vo\u0148av\u00e9 kv\u011bty. Jsou zkr\u00e1tka znateln\u00e9 rozd\u00edly oproti r\u016f\u017ei vysazen\u00e9 na podzim a r\u016f\u017ei vysazen\u00e9 na ja\u0159e.Ud\u011blejte si podzim na zahr\u00e1dce pest\u0159ej\u0161\u00ed. Podzim nen\u00ed jen o tom, \u017ee naposledy posek\u00e1te tr\u00e1vu, oprav\u00edte plot p\u0159ed zimou a zv\u00eddav\u00fdmi zv\u00ed\u0159aty, kter\u00e9 putuj\u00ed v\u00a0zim\u011b za potravou, shrabete list\u00ed a uskladn\u00edte vyp\u011bstovan\u00e9 ovoce a zeleninu. Je pravda, \u017ee kdy\u017e svou zahradu vy\u0161perkujete cibulkami okrasn\u00fdch kv\u011btin, Va\u0161e pr\u00e1ce nep\u016fjde vid\u011bt hned, ale v\u00fdsledek Va\u0161\u00ed pr\u00e1ce bude jist\u011b st\u00e1t za to, i kdy\u017e si na n\u011bj budete muset n\u011bkolik m\u011bs\u00edc\u016f po\u010dkat.                                                                                                                                                                                                                                                                                                                                                                                        4.2\/5 - (16 votes)        "},{"@context":"https:\/\/schema.org\/","@type":"BreadcrumbList","itemListElement":[{"@type":"ListItem","position":1,"name":"Zvolte spr\u00e1vn\u00e9 na\u010dasov\u00e1n\u00ed \u2013 zasa\u010fte cibulky kv\u011btin na podzim","item":"https:\/\/www.proviz.cz\/zvolte-spravne-nacasovani-zasadte-cibulky-kvetin-na-podzim\/#breadcrumbitem"}]}]